{"id":1958,"date":"2018-10-03T19:22:41","date_gmt":"2018-10-03T17:22:41","guid":{"rendered":"http:\/\/carobna-pot.si\/?p=1958"},"modified":"2018-10-03T19:23:34","modified_gmt":"2018-10-03T17:23:34","slug":"ko-sem-se-resnicno-zacel-imeti-rad","status":"publish","type":"post","link":"https:\/\/carobna-pot.si\/?p=1958","title":{"rendered":"Ko sem se resni\u010dno za\u010del imeti rad&#8230;."},"content":{"rendered":"<p><strong>Kaj je ob svojem 70. letu zapisal Charlie Chaplin \u2026<img decoding=\"async\" class=\"alignleft\" src=\"http:\/\/carobna-pot.si\/wp-content\/uploads\/2018\/10\/charlie-caplin-276x300.jpg\" \/><\/strong><\/p>\n<p>&nbsp;<\/p>\n<p>Za malce spodbude v teh jesenskih dneh s teboj delim inspirativne misli, ki jih je ob svojem sedemdesetem letu zapisal Charlie Chaplin. Besedilo je malce dolgo, a je vredno vsake vrstice, zato te vabim, da prebere\u0161 od za\u010detka do konca in si ob tem pozorna na utrip svojega srca. Takole je povedal:<\/p>\n<p>&nbsp;<\/p>\n<p><span style=\"color: #800080;\"><em>\u201cKo sem se za\u010del resni\u010dno imeti rad, sem spoznal, da so \u010dustvena bole\u010dina in trpljenje le opozorila, da \u017eivim v nasprotju s svojo resnico. Danes vem, da je to\u00a0VERODOSTOJNOST.<\/em><\/span><\/p>\n<p><span style=\"color: #800080;\"><em>\u201cKo sem se za\u010del resni\u010dno imeti rad, sem spoznal, kako \u017ealjivo je, \u010de sku\u0161am nekomu naprtiti lastne \u017eelje, \u010deprav vem, da trenutek ni pravi in da ta oseba na to ni pripravljena, pa \u010detudi sem bil ta oseba jaz sam. Danes temu pravim\u00a0SPO\u0160TOVANJE.<\/em><\/span><\/p>\n<p><span style=\"color: #800080;\"><em>\u201cKo sem se za\u010del resni\u010dno imeti rad, sem prenehal hrepeneti za druga\u010dnim \u017eivljenjem in uvidel, da me je vse, kar me je obkro\u017ealo, pozivalo k rasti. Danes temu pravim\u00a0ZRELOST.<\/em><\/span><\/p>\n<p><span style=\"color: #800080;\"><em>\u201cKo sem se za\u010del resni\u010dno imeti rad, sem spoznal, da sem ob vsaki prilo\u017enosti na pravem mestu ob pravem \u010dasu, da se vse zgodi ob ravno pravem trenutku in da sem lahko miren. Danes temu pravim\u00a0SAMOZAUPANJE.<\/em><\/span><\/p>\n<p><span style=\"color: #800080;\"><em>\u201cKo sem se za\u010del resni\u010dno imeti rad, sem si nehal krasti \u010das in prenehal na\u010drtovati silne projekte za prihodnost. Danes po\u010dnem le tisto, kar me veseli in osre\u010duje, kar rad po\u010dnem in ob\u00a0\u010demer mi zapoje srce, na svoj na\u010din in po svojem ritmu. Danes temu pravim\u00a0PREPROSTOST.<\/em><\/span><\/p>\n<p><span style=\"color: #800080;\"><em>\u201cKo sem se za\u010del resni\u010dno imeti rad, sem se osvobodil vsega, kar ni zdravo zame \u2013 hrane, ljudi, stvari, okoli\u0161\u010din in vsega, kar me je vleklo navzdol in pro\u010d od samega sebe. Sprva sem temu rekel zdrav egoizem. Danes vem, da je to\u00a0LJUBEZEN DO SAMEGA SEBE.<\/em><\/span><\/p>\n<p><span style=\"color: #800080;\"><em>\u201cKo sem se za\u010del resni\u010dno imeti rad, sem se prenehal truditi, da imam vedno prav, in od takrat naprej se manj motim. Danes sem spoznal, da je to\u00a0SKROMNOST.<\/em><\/span><\/p>\n<p><span style=\"color: #800080;\"><em>\u201cKo sem se za\u010del resni\u010dno imeti rad, sem prenehal \u017eiveti v preteklosti in skrbeti za prihodnost. Zdaj \u017eivim le za trenutek, v katerem se VSE dogaja. Danes \u017eivim vsak dan posebej in temu pravim\u00a0IZPOLNITEV.<\/em><\/span><\/p>\n<p><span style=\"color: #800080;\"><em>\u201cKo sem se za\u010del resni\u010dno imeti rad, sem spoznal, da me lahko razum spravi s tira in da lahko od svojih mislih zbolim. Ko sem razum povezal s srcem, pa je postal moj dragoceni zaveznik. Danes tej povezavi pravim\u00a0MODROST SRCA.<\/em><\/span><\/p>\n<p>Ni se nam ve\u010d treba bati prepirov, soo\u010danj in te\u017eav, s samim seboj ali z drugimi. Tudi zvezde kdaj pa kdaj tr\u010dijo in iz tega nastanejo novi svetovi. Danes vem,<\/p>\n<p>DA JE TO \u017dIVLJENJE.\u201d<\/p>\n<p>\u010cuti\u0161, da ti srce hitreje utripa? Ali pa te te besede le ne\u017eno \u017ega\u010dkajo po tvoji du\u0161i in ti prigovarjajo, kako lepo bi bilo, \u010de bi bila to tudi tvoja resnica? Zame zapisane besede ne pomenijo le filozofije, pa\u010d pa so neke vrste smernica, ki mi govori, kam si neko\u010d \u017eelim priti.<\/p>\n<p>Z veliko hvale\u017enostjo lahko re\u010dem, da je moj cilj \u017ee zelo blizu, da sem pri\u0161la tako dale\u010d, pa se moram zahvaliti svojim mentorjem, s katerimi sem skozi leta krepila ljubeze do sebe in dvigovala svojo zavest. Iz lastne izku\u0161nje vem, da nismo ujetniki svoje usode in bole\u010din iz preteklosti, pa\u010d pa ima prav vsak od nas mo\u017enost, da po\u010disti svoja bremena in se brez omejitev odpre svojim hrepenenjem. \u010ce se ti tako trenutno dogajajo stvari, ob katerih \u010duti\u0161 \u017ealost, jezo, morda celo sram in pa predvsem omejenost, vedi, da je v tebi neomejena mo\u010d, ki te lahko popelje ven iz tvoje teme in ti omogo\u010di \u010dutiti ljubezen do sebe, kot jo je opisal Charles Chaplin.<\/p>\n<p>Zato, da ti pomagam poiskati to tvojo neomejeno mo\u010d, te vabim, da se mi pridru\u017ei\u0161 na<strong>\u00a0brezpla\u010dni delavnici, ki bo potekala 20. oktobra od 9. do 12. ure v Ljubljani<\/strong>. Na delavnici se bomo posvetile samorefleksiji, odkrile bomo popolnoma novo paradigmo za \u017eensko in razpravljale o tem, katera sporo\u010dila so nas u\u010dili ter koliko smo se ob tem odklopile od na\u0161e resnice. Nato bomo za\u010dele proces ponovnega povezovanja s svojimi najglobljimi \u017eeljami in do\u017eivele radikalno spremembo odnosa do svojega telesa. Ta vikend se bomo povezale v sestrsko skupnost, se poglobile v svoje \u017eelje in odkrivale ovire in blokade, ki nas ovirajo na poti do \u017eeljenih rezultatov. Poskrbela bom tudi za spro\u0161\u010danje skozi vodeno meditacijo, ki je tudi obvezen del vseh mojih izobra\u017eevanj.<\/p>\n<p>Delavnica je povsem\u00a0brezpla\u010dna, \u010de bo\u0161 za\u010dutila, da je to prava podpora zate, pa te bom povabila \u0161e k nadaljevanju v\u00a0devetmese\u010dni intenzivni \u0160OLI ZA \u017dENSKE. Vse podrobnosti razlo\u017eim na delavnici, za enkrat pa naj povem le, da se bomo v \u0160oli za \u017eenske sre\u010devale enkrat mese\u010dno, devet mesecev zapored in skupaj gradile na\u0161o najmo\u010dnej\u0161o transformacijo v svobodno, zdravo in izpopolnjeno \u017eivljenje.<\/p>\n<p>Za udele\u017ebo na\u00a0<strong>brezpla\u010dno delavnico 20. oktobra\u00a0<\/strong>se je potrebno predhodno prijaviti. Po\u0161lji mi svoje podatke na\u00a0<a href=\"mailto:nadjaluk@gmail.com\">nadjaluk@gmail.com<\/a>, da rezerviram mesto zate. Ker se \u017eelim posvetiti vsaki udele\u017eenki, je \u0161tevilo mest omejeno, zato ne odla\u0161aj, pa\u010d pa napovej svojo udele\u017ebo \u0161e danes. Kar nekaj mojih \u017eensk je \u017ee potrdilo svojo udele\u017ebo, zato prosim ne odla\u0161aj, da ne zmanjka prostora zate.<\/p>\n<p>\u010ce \u017eeli\u0161 torej tudi ti besede Charlija Chaplina \u010dutiti kot svojo resnico, izkoristi prilo\u017enost za prvi korak in se mi pridru\u017ei 20. oktobra pri vstopu v novo, opolnomo\u010deno \u017eivljenje. Klikni reply in mi sporo\u010di, da pride\u0161!<\/p>\n<p style=\"font-weight: 400;\">\n","protected":false},"excerpt":{"rendered":"<p>Kaj je ob svojem 70. letu zapisal Charlie Chaplin \u2026 &nbsp; Za malce spodbude v teh jesenskih dneh s teboj delim inspirativne misli, ki jih je ob svojem sedemdesetem letu zapisal Charlie Chaplin. Besedilo je malce dolgo, a je vredno vsake vrstice, zato te vabim, da prebere\u0161 od za\u010detka do konca in si ob tem [&hellip;]<\/p>\n","protected":false},"author":1,"featured_media":0,"comment_status":"open","ping_status":"open","sticky":false,"template":"","format":"standard","meta":{"_et_pb_use_builder":"","_et_pb_old_content":"","_et_gb_content_width":"","footnotes":""},"categories":[13],"tags":[],"_links":{"self":[{"href":"https:\/\/carobna-pot.si\/index.php?rest_route=\/wp\/v2\/posts\/1958"}],"collection":[{"href":"https:\/\/carobna-pot.si\/index.php?rest_route=\/wp\/v2\/posts"}],"about":[{"href":"https:\/\/carobna-pot.si\/index.php?rest_route=\/wp\/v2\/types\/post"}],"author":[{"embeddable":true,"href":"https:\/\/carobna-pot.si\/index.php?rest_route=\/wp\/v2\/users\/1"}],"replies":[{"embeddable":true,"href":"https:\/\/carobna-pot.si\/index.php?rest_route=%2Fwp%2Fv2%2Fcomments&post=1958"}],"version-history":[{"count":4,"href":"https:\/\/carobna-pot.si\/index.php?rest_route=\/wp\/v2\/posts\/1958\/revisions"}],"predecessor-version":[{"id":1962,"href":"https:\/\/carobna-pot.si\/index.php?rest_route=\/wp\/v2\/posts\/1958\/revisions\/1962"}],"wp:attachment":[{"href":"https:\/\/carobna-pot.si\/index.php?rest_route=%2Fwp%2Fv2%2Fmedia&parent=1958"}],"wp:term":[{"taxonomy":"category","embeddable":true,"href":"https:\/\/carobna-pot.si\/index.php?rest_route=%2Fwp%2Fv2%2Fcategories&post=1958"},{"taxonomy":"post_tag","embeddable":true,"href":"https:\/\/carobna-pot.si\/index.php?rest_route=%2Fwp%2Fv2%2Ftags&post=1958"}],"curies":[{"name":"wp","href":"https:\/\/api.w.org\/{rel}","templated":true}]}}