{"id":1966,"date":"2018-10-10T13:49:54","date_gmt":"2018-10-10T11:49:54","guid":{"rendered":"http:\/\/carobna-pot.si\/?p=1966"},"modified":"2018-10-10T13:49:54","modified_gmt":"2018-10-10T11:49:54","slug":"se-tudi-ti-veckrat-pocutis-osamljeno-neljubljeno-nepodprto-morda-imas-zdravstvene-tezave","status":"publish","type":"post","link":"https:\/\/carobna-pot.si\/?p=1966","title":{"rendered":"Se tudi ti ve\u010dkrat po\u010duti\u0161 osamljeno, neljubljeno, nepodprto, morda ima\u0161 zdravstvene te\u017eave?"},"content":{"rendered":"<p><a href=\"http:\/\/carobna-pot.si\/?attachment_id=1686\" rel=\"attachment wp-att-1686\"><img loading=\"lazy\" decoding=\"async\" class=\"size-full wp-image-1686 alignleft\" src=\"http:\/\/carobna-pot.si\/wp-content\/uploads\/2018\/01\/tears-1089593__180.png\" alt=\"\" width=\"171\" height=\"180\" \/><\/a>V svoji 20-letni terapevtski praksi ugotavljam, da klienti ve\u010dinoma prihajajo k meni zaradi zdravstvenih te\u017eav. Ko se za\u010dnemo pogovarjati, pa skupaj odkrijemo, da je v njihovi notranjosti \u0161e cel kup drugih stvari, ki potrebujejo o\u010di\u0161\u010denje. Najve\u010dkrat, ali celo skoraj po pravilu, velja, da so prav njihovi notranji boji in nezaceljena \u010dustva krivi za izbruh in vztrajanje bolezenskega stanja, ki ga \u017eelijo ozdraviti. Ko jih vodim skozi proces samorefleksije in z zavedanjem odpihnejo meglice, ki so prekrivale njihov izvor bole\u010dine, \u017ealosti ali hrepenenja, se zdi, kot da v njihovo \u017eivljenje po dolgem \u010dasu ponovno posijejo son\u010dni \u017earki in proces zdravljenja se lahko tudi zares za\u010dne.<\/p>\n<p>Ker sem videla, kako veliko mo\u010d ima proces samospoznavanja in odkrivanja na\u0161ih notranjih blokad, nezaceljenih \u010dustev in skritih konfliktov, si \u017eelim k procesu samorefleksije spodbuditi \u010dim \u0161ir\u0161i krog ljudi, \u0161e posebej pa tiste, ki ste na tak ali druga\u010den na\u010din povezani z mano in o\u010ditno med nami obstaja neka vi\u0161ja namera.<\/p>\n<p>Tako sem se odlo\u010dila, da <span style=\"color: #003300;\"><strong>20. oktobra organiziram povsem brezpla\u010dno delavnico<\/strong><\/span>, na katero vabim tudi tebe, draga \u017eenska.<\/p>\n<p>\u010ce \u010duti\u0161, da v tvojem \u017eivljenju ni dovolj son\u010dnih \u017earkov, \u010de tvoje srce \u017ee dalj \u010dasa gore\u010de hrepeni, a ne vidi mo\u017enosti uresni\u010ditve, ali pa si se morda ujela v zanko otopelosti, strahu, izgubo kontrole nad dolo\u010deno situacijo, si rezerviraj to sobotno dopoldne zase in mi dovoli, da ti pomagam spoznati, kaj je zares tisto, kar ti manjka, kaj bi te osre\u010dilo in kak\u0161na \u017eeli\u0161 postati, da bi se po\u010dutila izpopolnjeno, zdravo, vitalno in samozavestno.<\/p>\n<p><span style=\"color: #003300;\"><u>Delavnice enostavno ne sme\u0161 zamuditi \u010de:<\/u><\/span><\/p>\n<ul>\n<li>se sre\u010duje\u0161 s kroni\u010dno ali morda akutno boleznijo in se zaveda\u0161, da bo\u0161 morala za ozdravitev in povrnitev v \u017eivljenje brez bole\u010din stopiti v korenito spremembo svojega \u017eivljenjskega stila, saj je le-to edina mo\u017ena odsko\u010dna deska za odpravo bolezni;<\/li>\n<li>\u010de v sebi \u010duti\u0161 mo\u010dno napetost, morda celo vrtoglavice in se boji\u0161, kot da se bo\u0161 nekega dne od utrujenosti samo \u0161e zru\u0161ila;<\/li>\n<li>\u010de na sebi nosi\u0161 mo\u010den pritisk okolice in te kritika drugih fizi\u010dno du\u0161i;<\/li>\n<li>\u010de bi se najraje skrila pred svetom in zato i\u0161\u010de\u0161<\/li>\n<li>najrazli\u010dnej\u0161e prilo\u017enosti, da zbe\u017ei\u0161 od doma, saj se tam ne po\u010duti\u0161 razumljeno;<\/li>\n<li>ima\u0161 ob\u010dutek, da si ves \u010das pod napadom in te hromi mo\u017enost napake in poraza;<\/li>\n<li>se ne more\u0161 sprostiti v spolnosti in ti morda celo manjka libida, zato pa si v ve\u010dnem strahu, da bo partner na\u0161el drugo;<\/li>\n<li>si nezadovoljna s svojo slu\u017ebo, a zaradi strahu, da bi jo izgubila, vseeno gara\u0161 dneve in no\u010di in tako nezadovoljno opazuje\u0161, kako si tudi ti postala ujetnica sodobnega sistema;<\/li>\n<li>se bojuje\u0161 z ob\u010dutkom in slabo vestjo, da morda nisi dovolj naredila za svoje otroke (in morda tudi star\u0161e) in jim zato ves \u010das popu\u0161\u010da\u0161 ter se zanje \u017ertvuje\u0161, hkrati pa ve\u0161, da je to bumerang, ki lahko ima ravno obraten u\u010dinek, kot ga sku\u0161a\u0161 dose\u010di;<\/li>\n<li>se \u010duti\u0161 osamljeno in brez podpore, bole\u010di ob\u010dutek, da nikomur ni zares mar zate, pa ti z nespe\u010dnostjo krade spanec in te v dan pospremlja s pani\u010dno utrujenostjo, morda celo pani\u010dnimi napadi.<\/li>\n<\/ul>\n<p>Vse to so \u017eivljenjske situacije, ki potrebujejo na\u0161o resno pozornost. Zagotavljam ti, da niso brezizhodne in se ne dogajajo zato, da bi ti ote\u017eile \u017eivljenje, pa\u010d pa so tukaj prav zato, da svoje \u017eivljenje dvigne\u0161 na vi\u0161ji nivo in osebnostno zraste\u0161.<\/p>\n<p>Delavnica, na katero te vabim <span style=\"color: #003300;\"><strong>20. oktobra<\/strong><\/span>, predstavlja prvi in morda celo klju\u010den korak na tej poti v bolj polno, zdravo in vitalno \u017eivljenje.. Skozi refleksijo bomo izgradile na\u0161o vizijo, skozi vodeno vizualizacijsko vajo, pa ti bom tudi pomagala, da jo bo\u0161 zares za\u010dutila, zavohala, oku\u0161ala in videla.<\/p>\n<p>\u0160ele ko ima\u0161 vedenje, namre\u010d lahko za\u010dne\u0161 stvari spreminjati in zares odlo\u010dno slediti svojim \u017eeljam. Zato, da bi na cilj tudi zares pri\u0161la, ti bom na delavnici predstavila tudi, kako ti pri tem lahko pomagam \u0161e naprej. Predstavila ti bom devetmese\u010dno \u0160olo za \u017eenske, s katero \u017eelim \u201cmojim\u201d \u017eenskam omogo\u010diti, da se popolnoma opolnomo\u010dijo, dozorijo, da postanejo pozitivne, do sebe ljube\u010de in neustra\u0161ne dame, ki vejo, kaj ho\u010dejo in tudi brez ovir ali ob\u017ealovanja temu sr\u010dno sledijo ter uresni\u010dujejo.<\/p>\n<p>Ker se \u017eelim na delavnici posvetiti vsaki med vami, je \u0161tevilo mest omejeno in se \u017ee lepo polnijo, zato se prosim \u010dim prej prijavi na <a href=\"mailto:nadjaluk@gmail.com\">nadjaluk@gmail.com<\/a>, da lahko rezerviram mesto tudi zate. Delavnica bo v Ljubljani, potekala bo od 9. do 12.ure, to\u010den naslov ti \u0161e sporo\u010dim.<\/p>\n<p>Upam, da se vidiva na delavnici \ud83d\ude42<\/p>\n<p>Nadica<\/p>\n<p>&nbsp;<\/p>\n","protected":false},"excerpt":{"rendered":"<p>V svoji 20-letni terapevtski praksi ugotavljam, da klienti ve\u010dinoma prihajajo k meni zaradi zdravstvenih te\u017eav. Ko se za\u010dnemo pogovarjati, pa skupaj odkrijemo, da je v njihovi notranjosti \u0161e cel kup drugih stvari, ki potrebujejo o\u010di\u0161\u010denje. Najve\u010dkrat, ali celo skoraj po pravilu, velja, da so prav njihovi notranji boji in nezaceljena \u010dustva krivi za izbruh in [&hellip;]<\/p>\n","protected":false},"author":1,"featured_media":0,"comment_status":"open","ping_status":"open","sticky":false,"template":"","format":"standard","meta":{"_et_pb_use_builder":"","_et_pb_old_content":"","_et_gb_content_width":"","footnotes":""},"categories":[13],"tags":[],"_links":{"self":[{"href":"https:\/\/carobna-pot.si\/index.php?rest_route=\/wp\/v2\/posts\/1966"}],"collection":[{"href":"https:\/\/carobna-pot.si\/index.php?rest_route=\/wp\/v2\/posts"}],"about":[{"href":"https:\/\/carobna-pot.si\/index.php?rest_route=\/wp\/v2\/types\/post"}],"author":[{"embeddable":true,"href":"https:\/\/carobna-pot.si\/index.php?rest_route=\/wp\/v2\/users\/1"}],"replies":[{"embeddable":true,"href":"https:\/\/carobna-pot.si\/index.php?rest_route=%2Fwp%2Fv2%2Fcomments&post=1966"}],"version-history":[{"count":2,"href":"https:\/\/carobna-pot.si\/index.php?rest_route=\/wp\/v2\/posts\/1966\/revisions"}],"predecessor-version":[{"id":1968,"href":"https:\/\/carobna-pot.si\/index.php?rest_route=\/wp\/v2\/posts\/1966\/revisions\/1968"}],"wp:attachment":[{"href":"https:\/\/carobna-pot.si\/index.php?rest_route=%2Fwp%2Fv2%2Fmedia&parent=1966"}],"wp:term":[{"taxonomy":"category","embeddable":true,"href":"https:\/\/carobna-pot.si\/index.php?rest_route=%2Fwp%2Fv2%2Fcategories&post=1966"},{"taxonomy":"post_tag","embeddable":true,"href":"https:\/\/carobna-pot.si\/index.php?rest_route=%2Fwp%2Fv2%2Ftags&post=1966"}],"curies":[{"name":"wp","href":"https:\/\/api.w.org\/{rel}","templated":true}]}}