{"id":2230,"date":"2019-02-22T11:54:37","date_gmt":"2019-02-22T09:54:37","guid":{"rendered":"http:\/\/carobna-pot.si\/?p=2230"},"modified":"2019-02-22T12:12:06","modified_gmt":"2019-02-22T10:12:06","slug":"2230","status":"publish","type":"post","link":"https:\/\/carobna-pot.si\/?p=2230","title":{"rendered":""},"content":{"rendered":"<p>[et_pb_section fb_built=&#8221;1&#8243; admin_label=&#8221;section&#8221; _builder_version=&#8221;3.0.47&#8243;][et_pb_row admin_label=&#8221;row&#8221; _builder_version=&#8221;3.19.14&#8243; background_size=&#8221;initial&#8221; background_position=&#8221;top_left&#8221; background_repeat=&#8221;repeat&#8221;][et_pb_column type=&#8221;4_4&#8243; _builder_version=&#8221;3.0.47&#8243;][et_pb_text admin_label=&#8221;Text&#8221; _builder_version=&#8221;3.0.87&#8243; background_size=&#8221;initial&#8221; background_position=&#8221;top_left&#8221; background_repeat=&#8221;repeat&#8221; use_border_color=&#8221;off&#8221; border_color=&#8221;#ffffff&#8221; border_style=&#8221;solid&#8221;]<\/p>\n<p>&nbsp;<\/p>\n<p><strong>Neskon\u010dno hvale\u017ena<\/strong> da sem rojena v Sloveniji, \u0161e bolj hvale\u017ena, po\u010dutim se kot carica, da lahko z ljudmi delim inspiracijo, hvala vesolje, hvala moja ljuba Slovenija.<\/p>\n<p>Pred kratkim sem se vrnila s potovanja s \u0160rilanke in videla njene lepote. Narava je izjemno lepa, klima je topla in z lahkoto sem prena\u0161ala vro\u010dino, saj je v zraku ogromno vlage. Videla sem veliko polj nasajenih s \u010dajevci in ri\u017eevih polj, kokosovih palm, ananasovce, tu tudi raste ogromno orhidej. \u0160e posebej me je navdu\u0161ilo sadje, ki sem ga vsak dan z najve\u010djim veseljem u\u017eivala. Najbolj so me navdu\u0161ile mini banane, ananas je \u010disto druga\u010den kot tisti iz na\u0161ih trgovin.<\/p>\n<p>Zelo pa me je presenetila prijaznost ljudi, kar me je precej za\u010dudilo, predvsem zato, ker sem videla ogromno bede. Najbolj so se mi zasmilile obiralke \u010daja, ki za mizerno majhen zaslu\u017eek cel dan obirajo \u010daj in imajo veliko sre\u010do, \u010de jih medtem ne pi\u010di kobra, ki se rada skriva v senci \u010dajevcev. Podobna stvar se dogaja \u017eenskam med nasadi ri\u017ea. O groza, celo njihovo \u017eivljenje je v nevarnosti za par evrov na mesec. Po drugi strani pa je kobra na \u0160rilanki sveta \u017eival.<\/p>\n<p>Videla sem tudi veliko psov, ki so prepu\u0161\u010deni sam sebi, la\u010dni, \u017eejni, shuj\u0161ani in ranjeni, to sem res te\u017eko gledala, sploh ko sem se spomnila na mojo psi\u010dko, ki \u017eivi kot v raju.<\/p>\n<p>Opazila pa sem tudi nekaj presenetljivega. \u0160rilan\u010dani so \u017eivahni, prijazni in hvale\u017eni za vse kar imajo. To mi je dalo\u00a0 ogromno za misliti in spra\u0161evala sem se, zakaj tega pri nas ne vidim, \u010deravno \u017eivimo v obilju vsega, vsak ima zagotovljeno osnovno \u017eivljenjsko varnost, pa \u010detudi je brezdomec, ima posteljo v zaveti\u0161\u010du, topel obrok in brezpla\u010dnega zdravnika, kar mnogo \u0161rilan\u010danov nima. Nimajo niti pitne vode, strani\u0161\u010d, mnogi \u017eivijo v mini hi\u0161kah iz \u00bbblata\u00ab ali odpadnega materiala.<\/p>\n<p>Pravzaprav imamo pri nas veliko prilo\u017enosti za svoj razvoj, da \u017eivimo svoje poslanstvo in svoje sanje, imamo varnost in neskon\u010dne mo\u017enosti izbire, samo odlo\u010diti se moramo, kaj bomo izbrali. Navsezadnje ima Slovenija v svojem imenu besedico LOVE,\u00a0 ki jo ve\u010dinoma sploh ne \u010dutimo in res imamo privilegij, da \u017eivimo v njej, \u0161e tujci so opazili lepote Slovenije.<\/p>\n<p>Morda je to zato, ker smo razmeroma mlada dr\u017eava in v na\u0161ih celi\u010dnih zapisih je \u0161e vedno sindrom hlapca Jerneja in ob\u010dutki, da moramo trpeti in potrpeti,<strong> da je \u017eivljenje borba in da moramo biti skromni,<\/strong> druga\u010de se nam bo ma\u0161\u010devalo slej ko prej. Po drugi strani pa smo izredno inteligenten narod, veliko je uspe\u0161nih strokovnjakov in podjetnikov, podjetnic, le nau\u010diti se moramo ceniti sebe in svoje sposobnosti ter darove, ki jih imamo. Ve\u010dina od nas na svoj na\u010din nosi svojo masko, nekateri nosijo masko ljubezni (pretirane prijaznosti), nekateri masko mo\u010di (vse zmorejo), drugi spet masko vsevednosti (vse vedo), zelo veliko ljudi pa be\u017ei v delo. Na ta na\u010din se ne moremo premakniti naprej, narediti osebni preboj. Prav zaradi takih vzorcev \u017ee skozi generacije tega pogosto sploh ne opazimo. \u010ce se ozre\u0161 le malce naokoli, lahko opazi\u0161 veliko nesre\u010dnih \u017eensk in mo\u0161kih, ki se tola\u017eijo z alkoholom, \u00a0drogo, cigaretah in deloholikov. \u0160e \u010dasopisu smo dali ime DELO, zanimivo ne?<\/p>\n<p>Po mojih izku\u0161njah vem tudi, da sami te\u017eko kaj spremenimo, ker je okoli nas preve\u010d ljudi, ki nas vle\u010dejo\u00a0 dol.<\/p>\n<p>Zato sem se odlo\u010dila, da organiziram dvourno <strong>BREZPLA\u010cNO DELAVNICO<\/strong>\u00a0z naslovom <span style=\"color: #e02b20;\">\u00bbPRVI KORAK DO OPOLNOMO\u010cENJA \u017dENSKE in SAMOREFLEKSIJA<\/span>\u00ab, ki bo v <strong>\u010detrtek, 14.3.2019 ob 17.uri<\/strong>. Na delavnici bo\u0161 lahko spoznala:<\/p>\n<ul>\n<li>za\u0161\u010ditne maske, ki jih uporablja\u0161, kadar te je strah;<\/li>\n<li>re\u0161itve za odlaganje teh mask;<\/li>\n<li>metodo za spu\u0161\u010danje nadzora in spro\u0161\u010danje strahu;<\/li>\n<li>kak\u0161ne so mo\u017ene re\u0161itve za tvoj preboj naprej;<\/li>\n<li>naredila pa bo\u0161 tudi vizijo, kaj \u017eeli\u0161 in kako bo\u0161 to naredila<\/li>\n<li>dele\u017ena pa bo\u0161 \u0161e meditacije za spro\u0161\u010danje strahu;<\/li>\n<\/ul>\n<p>\u010ce si \u017eeli\u0161 ve\u010d zadovoljstva v \u017eivljenju, bo to gotovo dobra prilo\u017enost za tvoj preboj.<\/p>\n<p>Delavnica bo \u00a0v Ljubljani, to\u010den naslov bom \u0161e sporo\u010dila. <span style=\"text-decoration: underline;\">Prijave so obvezne,<\/span> \u0161tevilo udele\u017eencev je omejeno, prijavi se \u010dimprej na <a href=\"mailto:nadjaluk@gmail.com\">nadjaluk@gmail.com<\/a> ali pa pokli\u010di na \u0161tevilko <strong>031326384.\u00a0\u00a0\u00a0\u00a0<\/strong>\u00a0\u00a0\u00a0\u00a0\u00a0\u00a0\u00a0\u00a0\u00a0 \u00a0<\/p>\n<p>&nbsp;<\/p>\n<p>[\/et_pb_text][\/et_pb_column][\/et_pb_row][\/et_pb_section]<\/p>\n","protected":false},"excerpt":{"rendered":"<p>&nbsp; Neskon\u010dno hvale\u017ena da sem rojena v Sloveniji, \u0161e bolj hvale\u017ena, po\u010dutim se kot carica, da lahko z ljudmi delim inspiracijo, hvala vesolje, hvala moja ljuba Slovenija. Pred kratkim sem se vrnila s potovanja s \u0160rilanke in videla njene lepote. Narava je izjemno lepa, klima je topla in z lahkoto sem prena\u0161ala vro\u010dino, saj je [&hellip;]<\/p>\n","protected":false},"author":1,"featured_media":2235,"comment_status":"open","ping_status":"open","sticky":false,"template":"","format":"standard","meta":{"_et_pb_use_builder":"on","_et_pb_old_content":"","_et_gb_content_width":"","footnotes":""},"categories":[13],"tags":[],"_links":{"self":[{"href":"https:\/\/carobna-pot.si\/index.php?rest_route=\/wp\/v2\/posts\/2230"}],"collection":[{"href":"https:\/\/carobna-pot.si\/index.php?rest_route=\/wp\/v2\/posts"}],"about":[{"href":"https:\/\/carobna-pot.si\/index.php?rest_route=\/wp\/v2\/types\/post"}],"author":[{"embeddable":true,"href":"https:\/\/carobna-pot.si\/index.php?rest_route=\/wp\/v2\/users\/1"}],"replies":[{"embeddable":true,"href":"https:\/\/carobna-pot.si\/index.php?rest_route=%2Fwp%2Fv2%2Fcomments&post=2230"}],"version-history":[{"count":4,"href":"https:\/\/carobna-pot.si\/index.php?rest_route=\/wp\/v2\/posts\/2230\/revisions"}],"predecessor-version":[{"id":2239,"href":"https:\/\/carobna-pot.si\/index.php?rest_route=\/wp\/v2\/posts\/2230\/revisions\/2239"}],"wp:featuredmedia":[{"embeddable":true,"href":"https:\/\/carobna-pot.si\/index.php?rest_route=\/wp\/v2\/media\/2235"}],"wp:attachment":[{"href":"https:\/\/carobna-pot.si\/index.php?rest_route=%2Fwp%2Fv2%2Fmedia&parent=2230"}],"wp:term":[{"taxonomy":"category","embeddable":true,"href":"https:\/\/carobna-pot.si\/index.php?rest_route=%2Fwp%2Fv2%2Fcategories&post=2230"},{"taxonomy":"post_tag","embeddable":true,"href":"https:\/\/carobna-pot.si\/index.php?rest_route=%2Fwp%2Fv2%2Ftags&post=2230"}],"curies":[{"name":"wp","href":"https:\/\/api.w.org\/{rel}","templated":true}]}}